[{"@context":"https:\/\/schema.org\/","@type":"Article","@id":"https:\/\/www.rlre.cz\/na-krasne-opaleni-je-treba-myslet-vcas\/#Article","mainEntityOfPage":"https:\/\/www.rlre.cz\/na-krasne-opaleni-je-treba-myslet-vcas\/","headline":"Na kr\u00e1sn\u00e9 op\u00e1len\u00ed je t\u0159eba myslet v\u010das!","name":"Na kr\u00e1sn\u00e9 op\u00e1len\u00ed je t\u0159eba myslet v\u010das!","description":"Zdrav\u00e9 op\u00e1len\u00ed pat\u0159\u00ed k v\u00fdbav\u011b kr\u00e1sy stejn\u011b tak jako nap\u0159\u00edklad p\u011bkn\u00e9 l\u00ed\u010den\u00ed anebo atraktivn\u00ed \u0161aty. Tak\u017ee ka\u017ed\u00fd, kdo chce na[...]","datePublished":"2020-02-17","dateModified":"2023-09-13","author":{"@type":"Person","@id":"https:\/\/www.rlre.cz\/author\/#Person","name":"","url":"https:\/\/www.rlre.cz\/author\/","identifier":1,"image":{"@type":"ImageObject","@id":"https:\/\/secure.gravatar.com\/avatar\/91b1fc57487c55a66a7777af0dd690bf69c571b4a9b15cda0db8854a78b7888c?s=96&d=mm&r=g","url":"https:\/\/secure.gravatar.com\/avatar\/91b1fc57487c55a66a7777af0dd690bf69c571b4a9b15cda0db8854a78b7888c?s=96&d=mm&r=g","height":96,"width":96}},"publisher":{"@type":"Organization","name":"rlre.cz","logo":{"@type":"ImageObject","@id":"\/logo.png","url":"\/logo.png","width":600,"height":60}},"image":{"@type":"ImageObject","@id":"https:\/\/www.rlre.cz\/wp-content\/uploads\/img_a374915_w1736_t1586863450.jpg","url":"https:\/\/www.rlre.cz\/wp-content\/uploads\/img_a374915_w1736_t1586863450.jpg","height":0,"width":0},"url":"https:\/\/www.rlre.cz\/na-krasne-opaleni-je-treba-myslet-vcas\/","about":["Podnik\u00e1n\u00ed"],"wordCount":419,"articleBody":"        Zdrav\u00e9 op\u00e1len\u00ed pat\u0159\u00ed k v\u00fdbav\u011b kr\u00e1sy stejn\u011b tak jako nap\u0159\u00edklad p\u011bkn\u00e9 l\u00ed\u010den\u00ed anebo atraktivn\u00ed \u0161aty. Tak\u017ee ka\u017ed\u00fd, kdo chce na ostatn\u00ed ud\u011blat ten nejlep\u0161\u00ed dojem, by m\u011bl z\u00e1rove\u0148 myslet i na to, jakou m\u00e1 barvu, a nejen na to, co si na sebe obl\u00e9kne. Pr\u00e1v\u011b barva poko\u017eky tvo\u0159\u00ed ten dokonal\u00fd http:\/\/www.farfallino.cz\/  z\u00e1klad, na kter\u00e9m m\u016f\u017eete n\u00e1sledn\u011b stav\u011bt. Je to podobn\u00e9 jako s mejkapem \u2013 ten, kdo nem\u00e1 od p\u0159\u00edrody bezchybnou ple\u0165, si mus\u00ed pomoci chytr\u00fdmi kosmetick\u00fdmi p\u0159\u00edpravky. A ten, kdo je od narozen\u00ed b\u00edl\u00fd jako tvaroh, anebo c\u00edt\u00ed, \u017ee by jeho poko\u017eka p\u0159ece jen pot\u0159ebovala o trochu intenzivn\u011bj\u0161\u00ed tmav\u0161\u00ed odst\u00edn, si mus\u00ed pomoci brn\u011bnsk\u00fdm sol\u00e1riem Naomi. Kdy\u017e zasko\u010d\u00edte na n\u011bkolik minut t\u00fddn\u011b k odborn\u00edk\u016fm, jist\u011b se v\u00e1m to vyplat\u00ed. A kdy\u017e se sem rozhodnete vydat poprv\u00e9, nebojte se po\u017e\u00e1dat o radu, jak\u00fd typ stroje zvolit, jakou intenzitu si vybrat, jakou n\u00e1sledn\u011b vyu\u017e\u00edt sol\u00e1rn\u00ed kosmetiku. Na tom v\u0161em v\u00fdsledek velmi z\u00e1le\u017e\u00ed. A to, \u017ee jste se ocitli v dobr\u00fdch ruk\u00e1ch, pozn\u00e1te p\u0159edev\u0161\u00edm podle toho, \u017ee se v\u00e1m person\u00e1l bude v\u011bnovat a ochotn\u011b v\u00e1m se v\u0161\u00edm porad\u00ed. Proto nev\u00e1hejte a objednejte se k n\u00e1v\u0161t\u011bv\u011b v\u010das, abyste na m\u00edst\u011b nemuseli na nic \u010dekat! Spol\u00e9h\u00e1te na dovolenou \u2013 m\u016f\u017eete se zle sp\u00e1lit! Mnoho lid\u00ed spol\u00e9h\u00e1 na to, \u017ee tu pravou barvu z\u00edskaj\u00ed na dovolen\u00e9. Ov\u0161em pozor, takov\u00fd pl\u00e1n v\u00e1m nemus\u00ed vyj\u00edt, nav\u00edc se v\u00e1m m\u016f\u017ee nep\u0159\u00edjemn\u011b zvrtnout. Jestli\u017ee na pl\u00e1\u017e prvn\u00ed den doraz\u00edte zcela b\u00edl\u00ed jako sn\u00edh a budete se v\u0161echno sna\u017eit rychle dohnat, abyste po t\u00fddnu odj\u00ed\u017ed\u011bli dom\u016f v pln\u00e9 par\u00e1d\u011b, m\u016f\u017eete se nep\u0159\u00edjemn\u011b sp\u00e1lit. A takov\u00e1 sp\u00e1len\u00e1 poko\u017eka nep\u0159\u00edjemn\u011b bol\u00ed, jedn\u00e1 se o rizikov\u00fd faktor z hlediska vzniku rakoviny, a rozhodn\u011b v\u00e1m par\u00e1du neud\u011bl\u00e1. Nav\u00edc, myslete i na to, \u017ee ka\u017ed\u00fd, kdo chce vypadat opravdu dokonale, by nem\u011bl budit pozornost t\u00edm, \u017ee mezi kr\u00e1sn\u011b op\u00e1len\u00e9 lidi na pl\u00e1\u017ei vyraz\u00ed ve sv\u00e9 tvarohov\u00e9 podob\u011b. B\u00fdt dokonal\u00fd, znamen\u00e1 b\u00fdt na v\u0161echno v\u010das p\u0159ipraven!                                                                                                                                                                                                                                                                                                                                                                                          4.7\/5 - (6 votes)        "},{"@context":"https:\/\/schema.org\/","@type":"BreadcrumbList","itemListElement":[{"@type":"ListItem","position":1,"name":"Na kr\u00e1sn\u00e9 op\u00e1len\u00ed je t\u0159eba myslet v\u010das!","item":"https:\/\/www.rlre.cz\/na-krasne-opaleni-je-treba-myslet-vcas\/#breadcrumbitem"}]}]