[{"@context":"https:\/\/schema.org\/","@type":"Article","@id":"https:\/\/www.rlre.cz\/modni-styly\/#Article","mainEntityOfPage":"https:\/\/www.rlre.cz\/modni-styly\/","headline":"M\u00f3dn\u00ed styly","name":"M\u00f3dn\u00ed styly","description":"V dne\u0161n\u00edm sv\u011bt\u011b m\u00f3da h\u00fdbe dobou a j\u00e1 se nediv\u00edm. V\u017edy\u0165 si jenom\u00a0vemte, kolik existuje m\u00f3dn\u00edch n\u00e1vrh\u00e1\u0159\u016f a tak podobn\u011b.[...]","datePublished":"2022-04-14","dateModified":"2023-05-11","author":{"@type":"Person","@id":"https:\/\/www.rlre.cz\/author\/#Person","name":"","url":"https:\/\/www.rlre.cz\/author\/","identifier":1,"image":{"@type":"ImageObject","@id":"https:\/\/secure.gravatar.com\/avatar\/91b1fc57487c55a66a7777af0dd690bf69c571b4a9b15cda0db8854a78b7888c?s=96&d=mm&r=g","url":"https:\/\/secure.gravatar.com\/avatar\/91b1fc57487c55a66a7777af0dd690bf69c571b4a9b15cda0db8854a78b7888c?s=96&d=mm&r=g","height":96,"width":96}},"publisher":{"@type":"Organization","name":"rlre.cz","logo":{"@type":"ImageObject","@id":"\/logo.png","url":"\/logo.png","width":600,"height":60}},"image":{"@type":"ImageObject","@id":"https:\/\/www.rlre.cz\/wp-content\/uploads\/pexels-lawrence-suzara-1566435_1.jpg","url":"https:\/\/www.rlre.cz\/wp-content\/uploads\/pexels-lawrence-suzara-1566435_1.jpg","height":0,"width":0},"url":"https:\/\/www.rlre.cz\/modni-styly\/","about":["M\u00f3da"],"wordCount":472,"articleBody":"V dne\u0161n\u00edm sv\u011bt\u011b m\u00f3da h\u00fdbe dobou a j\u00e1 se nediv\u00edm. V\u017edy\u0165 si jenom\u00a0vemte, kolik existuje m\u00f3dn\u00edch n\u00e1vrh\u00e1\u0159\u016f a tak podobn\u011b. J\u00e1 abych pravdu \u0159ekla, tak jsem se jednu dobu zaj\u00edmala o to, kolik t\u011bch m\u00f3dn\u00edch n\u00e1vrh\u00e1\u0159\u016f u n\u00e1s ve sv\u011bt\u011b vlastn\u011b je. A kdy\u017e jsem takhle se\u010detla ty zn\u00e1m\u00e9 m\u00f3dn\u00ed n\u00e1vrh\u00e1\u0159e, tak jsem do\u0161la k \u010d\u00edslu dvacet, jenom\u017ee samoz\u0159ejm\u011b logicky v\u00edm, \u017ee jich je snad asi tis\u00edc. Um\u00edte si to p\u0159edstavit? Tis\u00edc m\u00f3dn\u00edch n\u00e1vrh\u00e1\u0159\u016f v cel\u00e9m sv\u011bt\u011b. Abych pravdu \u0159ekla, tak je samoz\u0159ejm\u011b v\u016fbec v\u0161echny nezn\u00e1m. Ale ani m\u011b to nemrz\u00ed. Sta\u010d\u00ed mi, \u017ee zn\u00e1m pouze p\u00e1r m\u00f3dn\u00edch n\u00e1vrh\u00e1\u0159\u016f. J\u00e1 se toti\u017e zaj\u00edm\u00e1m o m\u00f3du. A m\u00f3da m\u011b opravdu bav\u00ed. Za\u010d\u00edt za\u010dalo to u m\u011b u\u017e kdy\u017e jsem byla mal\u00e1. Moje maminka m\u011bla stra\u0161n\u011b r\u00e1da m\u00f3du, stejn\u011b tak i moje teta.A jako spr\u00e1vn\u00e1 \u017eena, se maminka a teta sna\u017eily obl\u00e9kat hodn\u011b modern\u011b a vkusn\u011b. A mus\u00edm \u0159\u00edct, \u017ee moje maminka se v ml\u00e1d\u00ed obl\u00e9kala opravdu p\u011bkn\u011b. Podle toho, co vid\u00edm na fotk\u00e1ch z mamin\u010dina ml\u00e1d\u00ed, tak mus\u00edm \u0159\u00edct, \u017ee mamka m\u011bla opravdu cit pro m\u00f3du.\u00a0 Skoro jako\u00a0profesion\u00e1ln\u00ed\u00a0m\u00f3dn\u00ed n\u00e1vrh\u00e1\u0159ka. A j\u00e1 si mysl\u00edm, \u017ee nyn\u00ed to m\u00e1m j\u00e1. Mo\u017en\u00e1 opravdu m\u00e1m taky cit pro m\u00f3du. Zat\u00edm mi nikdo nevy\u010detl, \u017ee bych se obl\u00e9kala n\u011bjak \u0161patn\u011b anebo \u017ee by to byly n\u011bjak\u00e9 m\u00f3dn\u00ed\u00a0p\u0159e\u0161lapy. Na to, bych b\u00fdt v\u00e1mi, taky bych si dala pozor. Ud\u011blat velk\u00fd m\u00f3dn\u00ed\u00a0p\u0159e\u0161lap\u00a0ve spole\u010dnosti je opravdu ostuda. A proto j\u00e1 si d\u00e1v\u00e1m opravdu velk\u00fd pozor, v \u010dem a kam jdu oble\u010den\u00e1. Jsem \u017eena, co\u017e znamen\u00e1 \u017ee m\u00e1m r\u00e1da m\u00f3du a chci, aby mi to poka\u017ed\u00e9 v\u0161ude slu\u0161elo. A mysl\u00edm si, \u017ee nejsem jedin\u00e1 \u017eena, kter\u00e1 chce, aby j\u00ed to v\u017edycky a za v\u0161ech okolnost\u00ed slu\u0161elo. A jak\u00fd m\u00e1te \u0161atn\u00edk vy?\u00a0D\u00e1v\u00e1te\u00a0si pozor na m\u00f3du a sledujete m\u00f3dn\u00ed trendy? A dodr\u017eujete m\u00f3dn\u00ed\u00a0trendy\u00a0nebo v\u00e1s nech\u00e1vaj\u00ed chladnou? M\u011b m\u00f3da velmi bav\u00ed, i kdy\u017e tedy se ne\u017eenu do \u00fapln\u011b ka\u017ed\u00e9ho m\u00f3dn\u00edho trendu, mysl\u00edm, \u017ee by to bylo asi a\u017e moc p\u0159ehnan\u00e9. Nebo ne? Mysl\u00edm, \u017ee i m\u00f3dn\u00ed kritici by nem\u011bli v t\u00e9to odpov\u011bdi \u00fapln\u011b jasno.\u00a0                                                                                                                                                                                                                                                                                                                                                                                        3.8\/5 - (6 votes)        "},{"@context":"https:\/\/schema.org\/","@type":"BreadcrumbList","itemListElement":[{"@type":"ListItem","position":1,"name":"M\u00f3dn\u00ed styly","item":"https:\/\/www.rlre.cz\/modni-styly\/#breadcrumbitem"}]}]