[{"@context":"https:\/\/schema.org\/","@type":"Article","@id":"https:\/\/www.rlre.cz\/jak-se-oblect-na-pracovni-pohovor\/#Article","mainEntityOfPage":"https:\/\/www.rlre.cz\/jak-se-oblect-na-pracovni-pohovor\/","headline":"Jak se obl\u00e9ct na pracovn\u00ed pohovor?","name":"Jak se obl\u00e9ct na pracovn\u00ed pohovor?","description":"Mo\u017en\u00e1 v&nbsp;b\u011b\u017en\u00e9m \u017eivot\u011b obl\u00e9k\u00e1n\u00ed tolik ne\u0159e\u0161\u00edte, mo\u017en\u00e1 m\u00e1te sv\u016fj vlastn\u00ed, trochu extravagantn\u00ed styl. Pokud se v\u0161ak chyst\u00e1te na pracovn\u00ed pohovor[...]","datePublished":"2019-12-22","dateModified":"2023-05-11","author":{"@type":"Person","@id":"https:\/\/www.rlre.cz\/author\/#Person","name":"","url":"https:\/\/www.rlre.cz\/author\/","identifier":1,"image":{"@type":"ImageObject","@id":"https:\/\/secure.gravatar.com\/avatar\/91b1fc57487c55a66a7777af0dd690bf69c571b4a9b15cda0db8854a78b7888c?s=96&d=mm&r=g","url":"https:\/\/secure.gravatar.com\/avatar\/91b1fc57487c55a66a7777af0dd690bf69c571b4a9b15cda0db8854a78b7888c?s=96&d=mm&r=g","height":96,"width":96}},"publisher":{"@type":"Organization","name":"rlre.cz","logo":{"@type":"ImageObject","@id":"\/logo.png","url":"\/logo.png","width":600,"height":60}},"image":{"@type":"ImageObject","@id":"https:\/\/www.rlre.cz\/wp-content\/uploads\/img_a364226_w3393_t1576925625.jpg","url":"https:\/\/www.rlre.cz\/wp-content\/uploads\/img_a364226_w3393_t1576925625.jpg","height":0,"width":0},"url":"https:\/\/www.rlre.cz\/jak-se-oblect-na-pracovni-pohovor\/","about":["M\u00f3da"],"wordCount":453,"articleBody":"Mo\u017en\u00e1 v&nbsp;b\u011b\u017en\u00e9m \u017eivot\u011b obl\u00e9k\u00e1n\u00ed tolik ne\u0159e\u0161\u00edte, mo\u017en\u00e1 m\u00e1te sv\u016fj vlastn\u00ed, trochu extravagantn\u00ed styl. Pokud se v\u0161ak chyst\u00e1te na pracovn\u00ed pohovor a m\u00e1te o dan\u00e9 m\u00edsto v\u00e1\u017en\u00fd z\u00e1jem, m\u011bli byste se nad t\u00edm, co si na sebe oble\u010dete, zamyslet. P\u0159esto\u017ee m\u016f\u017eeme \u0159\u00edct, \u017ee by va\u0161eho potenci\u00e1ln\u00edho budouc\u00edho zam\u011bstnavatele m\u011bly zaj\u00edmat p\u0159edev\u0161\u00edm va\u0161e zku\u0161enosti a znalosti, oble\u010den\u00ed d\u011bl\u00e1 prvn\u00ed dojem, kter\u00fd je mo\u017en\u00e1 je\u0161t\u011b d\u016fle\u017eit\u011bj\u0161\u00ed.\u0160aty d\u011blaj\u00ed \u010dlov\u011bka, to je star\u00e1 zn\u00e1m\u00e1 pravda. A pokud na pohovor doraz\u00edte ve \u0161pinav\u00fdch, d\u011brav\u00fdch, nev\u00e1bn\u011b von\u00edc\u00edch \u0161atech, opravdu dojem neud\u011bl\u00e1te. To v\u0161ak nejsou zdaleka jedin\u00e9 proh\u0159e\u0161ky, kter\u00fdmi se m\u016f\u017eete vy\u0161achovat z&nbsp;nov\u00e9 pr\u00e1ce.Nen\u00ed t\u0159eba si hned naj\u00edmat stylistu, pokud m\u00e1te pocit, \u017ee pro m\u00f3du nem\u00e1te zrovna cit. Oble\u010den\u00ed m\u016f\u017ee b\u00fdt \u00fapln\u011b jednoduch\u00e9. D\u016fle\u017eit\u00e9 je, aby p\u016fsobilo pokud mo\u017eno profesion\u00e1ln\u011b, bylo \u010dist\u00e9, vy\u017eehlen\u00e9, sed\u011blo v\u00e1m, a vy jste se v&nbsp;n\u011bm c\u00edtili v&nbsp;r\u00e1mci mo\u017enost\u00ed dob\u0159e. Pokud toti\u017e zvol\u00edte oble\u010den\u00ed, v&nbsp;n\u011bm\u017e si zkr\u00e1tka nebudete p\u0159ipadat jako vy, mohlo by se to ve va\u0161em vystupov\u00e1n\u00ed na pohovoru prom\u00edtnout.Pro \u017eeny jsou tak vhodn\u00fdm oble\u010den\u00edm \u010dern\u00e9 kalhoty, ko\u0161ile a p\u0159\u00edpadn\u011b sako. Stejn\u011b tak m\u016f\u017eete zvolit \u0161aty \u010di sukni, pokud se v&nbsp;nich c\u00edt\u00edte dob\u0159e, ale nem\u011bly by b\u00fdt p\u0159\u00edli\u0161 kr\u00e1tk\u00e9. Ide\u00e1ln\u00ed je d\u00e9lka po kolena. Vhodnou volbou jsou i halenky, ale dejte si pozor, aby nem\u011bly p\u0159\u00edli\u0161 velk\u00fd v\u00fdst\u0159ih a nep\u016fsobila jste tak zbyte\u010dn\u011b vyz\u00fdvav\u011b. Z&nbsp;tohoto d\u016fvodu je tak\u00e9 \u010dastou radou vyhnout se \u010derven\u00e9 barv\u011b, kter\u00e1 p\u016fsob\u00ed p\u0159\u00edli\u0161 sv\u016fdn\u011b. Na nohy se hod\u00ed alespo\u0148 ni\u017e\u0161\u00ed podpatky, p\u0159\u00edpadn\u011b jin\u00e9 boty, kter\u00e9 v\u0161ak budou \u010dist\u00e9 a nebudou vypadat p\u0159\u00edli\u0161 pou\u017eit\u011b.Mu\u017ei si mohou obl\u00e9knout bu\u010f klasick\u00fd oblek, kter\u00fd v\u0161ak pro mnoho z&nbsp;nich nen\u00ed p\u0159\u00edli\u0161 obl\u00edben\u00fd. Sta\u010dit by tedy ve v\u011bt\u0161in\u011b p\u0159\u00edpad\u016f mohla padnouc\u00ed ko\u0161ile a kalhoty (rifl\u00edm se rad\u011bji vyhn\u011bte). Vyu\u017e\u00edt m\u016f\u017eete i p\u011bkn\u00e9 tri\u010dko \u010di svetr. Dbejte na v\u00fdb\u011br bot, kter\u00e9 si vy\u010dist\u011bte a nale\u0161t\u011bte.&nbsp;                                                                                                                                                                                                                                                                                                                                                                                        4.5\/5 - (8 votes)        "},{"@context":"https:\/\/schema.org\/","@type":"BreadcrumbList","itemListElement":[{"@type":"ListItem","position":1,"name":"Jak se obl\u00e9ct na pracovn\u00ed pohovor?","item":"https:\/\/www.rlre.cz\/jak-se-oblect-na-pracovni-pohovor\/#breadcrumbitem"}]}]